{"id":5008,"date":"2017-06-29T17:49:46","date_gmt":"2017-06-29T16:49:46","guid":{"rendered":"https:\/\/www.tcicutting.com\/es\/nueva-flota-de-vehiculos-en-suiza-para-distribuir-y-dar-asistencia-tecnica-a-sus-maquinas-de-corte-laser\/"},"modified":"2024-05-31T11:50:57","modified_gmt":"2024-05-31T09:50:57","slug":"nueva-flota-de-vehiculos-en-suiza-para-distribuir-y-dar-asistencia-tecnica-a-sus-maquinas-de-corte-laser","status":"publish","type":"post","link":"https:\/\/www.tcicutting.com\/es\/noticias\/nueva-flota-de-vehiculos-en-suiza-para-distribuir-y-dar-asistencia-tecnica-a-sus-maquinas-de-corte-laser\/","title":{"rendered":"Nueva flota de veh\u00edculos en suiza para distribuir y dar asistencia t\u00e9cnica a sus m\u00e1quinas de corte l\u00e1ser"},"content":{"rendered":"<p style=\"text-align: justify\">Tci Cutting ha puesto en marcha una flota de veh\u00edculos para distribuir en Suiza sus <strong>m\u00e1quinas corte l\u00e1ser<\/strong> de la mano de Gebr\u00fcder Spiegel AG, su socio en el pa\u00eds helv\u00e9tico. Adem\u00e1s, servir\u00e1n para prestar asistencia t\u00e9cnica a nuestros clientes en este pa\u00eds, reforzando as\u00ed la atenci\u00f3n personal a nuestras <strong>m\u00e1quinas corte l\u00e1ser<\/strong>.<\/p>\n<p style=\"text-align: justify\">Despu\u00e9s de consolidar el acuerdo comercial con esta compa\u00f1\u00eda, las <strong>m\u00e1quinas corte l\u00e1ser<\/strong> de TCI Cutting comienzan a instalarse en diversas empresas suizas. La colaboraci\u00f3n para introducir nuestras <strong>m\u00e1quinas de corte por l\u00e1ser<\/strong> en este pa\u00eds ha sido posible gracias a la cooperaci\u00f3n con Gebr\u00fcder Spiegel AG y la flexibilidad de TCI Cutting para personalizar las <strong>m\u00e1quinas corte l\u00e1ser<\/strong> seg\u00fan los deseos del cliente.<\/p>\n<p>Gebr\u00fcder Spiegel AG cuenta con m\u00e1s de 130 a\u00f1os de trayectoria y nos ha elegido como partner por la calidad de nuestras <strong>m\u00e1quinas corte l\u00e1ser<\/strong>, la flexibilidad de nuestra tecnolog\u00eda y nuestra atenci\u00f3n personal. Esta empresa es l\u00edder en el campo de la transformaci\u00f3n de la chapa y con esta alianza pretende consolidar su liderazgo como proveedor de <strong>m\u00e1quinas de corte por l\u00e1ser<\/strong> en este sector, ofreciendo siempre una amplia gama de servicios.<\/p>\n<p style=\"text-align: left\">Las <strong>m\u00e1quinas corte l\u00e1ser<\/strong> son uno de los avances m\u00e1s destacados en la tecnolog\u00eda de corte. Est\u00e1n orientadas a las aleaciones met\u00e1licas como el acero o el aluminio de espesores finos, desde 0\u20195 hasta 25 mm.<\/p>\n<p style=\"text-align: justify\">\u00a0TCI Cutting a\u00f1ade la posibilidad de personalizar la <strong>m\u00e1quina corte l\u00e1ser<\/strong> para que se adapte a la perfecci\u00f3n a las necesidades concretas del cliente. Adem\u00e1s, nuestras m\u00e1quinas corte l\u00e1ser s\u00f3n m\u00e1quinas inteligentes e integran la tecnolog\u00eda para mejorar os procesos productivos y la automatizaci\u00f3n del control de sistemas, reduciendo as\u00ed tambi\u00e9n los costes operacionales. El resultado ser\u00e1 siempre una m\u00e1quina de corte l\u00e1ser de altas prestaciones ajustada perfectamente a sus necesidades concretas, garantizando siempre la m\u00e1xima garant\u00eda de precisi\u00f3n, calidad y protecci\u00f3n.<\/p>\n<p><img loading=\"lazy\" decoding=\"async\" class=\"size-large wp-image-16532 aligncenter\" src=\"https:\/\/www.tcicutting.com\/es\/wp-content\/uploads\/sites\/2\/2024\/01\/flota_vehiculos_interior_opt-2.jpg\" alt=\"flota de veh\u00edculos en suiza m\u00e1quinas de corte l\u00e1ser\" width=\"888\" height=\"555\" \/><\/p>\n","protected":false},"excerpt":{"rendered":"<p>Tci Cutting ha puesto en marcha una flota de veh\u00edculos para distribuir en Suiza sus m\u00e1quinas corte l\u00e1ser de la mano de Gebr\u00fcder Spiegel AG, su socio en el pa\u00eds helv\u00e9tico. Adem\u00e1s, servir\u00e1n para prestar asistencia t\u00e9cnica a nuestros clientes en este pa\u00eds, reforzando as\u00ed la atenci\u00f3n personal a nuestras m\u00e1quinas corte l\u00e1ser. Despu\u00e9s de&#8230;<\/p>\n","protected":false},"author":1,"featured_media":5845,"comment_status":"closed","ping_status":"open","sticky":false,"template":"","format":"standard","meta":{"footnotes":""},"categories":[5],"tags":[7,39],"class_list":["post-5008","post","type-post","status-publish","format-standard","has-post-thumbnail","hentry","category-noticias","tag-maquina-corte-laser","tag-maquina-laser-fibra"],"acf":[],"yoast_head":"<!-- This site is optimized with the Yoast SEO plugin v27.1.1 - https:\/\/yoast.com\/product\/yoast-seo-wordpress\/ -->\n<title>Nueva flota de veh\u00edculos en suiza para distribuir y dar asistencia t\u00e9cnica a sus m\u00e1quinas de corte l\u00e1ser<\/title>\n<meta name=\"description\" content=\"Descubre en Nueva flota de veh\u00edculos en suiza para distribuir y dar asistencia t\u00e9cnica a sus m\u00e1quinas de corte l\u00e1ser las innovaciones en corte industrial: precisi\u00f3n, tecnolog\u00eda avanzada y eficiencia.\" \/>\n<meta name=\"robots\" content=\"index, follow, max-snippet:-1, max-image-preview:large, max-video-preview:-1\" \/>\n<link rel=\"canonical\" href=\"https:\/\/www.tcicutting.com\/es\/noticias\/nueva-flota-de-vehiculos-en-suiza-para-distribuir-y-dar-asistencia-tecnica-a-sus-maquinas-de-corte-laser\/\" \/>\n<meta property=\"og:locale\" content=\"es_ES\" \/>\n<meta property=\"og:type\" content=\"article\" \/>\n<meta property=\"og:title\" content=\"Nueva flota de veh\u00edculos en suiza para distribuir y dar asistencia t\u00e9cnica a sus m\u00e1quinas de corte l\u00e1ser\" \/>\n<meta property=\"og:description\" content=\"Descubre en Nueva flota de veh\u00edculos en suiza para distribuir y dar asistencia t\u00e9cnica a sus m\u00e1quinas de corte l\u00e1ser las innovaciones en corte industrial: precisi\u00f3n, tecnolog\u00eda avanzada y eficiencia.\" \/>\n<meta property=\"og:url\" content=\"https:\/\/www.tcicutting.com\/es\/noticias\/nueva-flota-de-vehiculos-en-suiza-para-distribuir-y-dar-asistencia-tecnica-a-sus-maquinas-de-corte-laser\/\" \/>\n<meta property=\"og:site_name\" content=\"TCI Cutting ES\" \/>\n<meta property=\"article:publisher\" content=\"https:\/\/www.facebook.com\/TCICutting\/\" \/>\n<meta property=\"article:published_time\" content=\"2017-06-29T16:49:46+00:00\" \/>\n<meta property=\"article:modified_time\" content=\"2024-05-31T09:50:57+00:00\" \/>\n<meta property=\"og:image\" content=\"https:\/\/www.tcicutting.com\/es\/wp-content\/uploads\/sites\/2\/2024\/01\/flota_vehiculos_interior_opt-3.jpg\" \/>\n\t<meta property=\"og:image:width\" content=\"1200\" \/>\n\t<meta property=\"og:image:height\" content=\"750\" \/>\n\t<meta property=\"og:image:type\" content=\"image\/jpeg\" \/>\n<meta name=\"author\" content=\"TCICutting\" \/>\n<meta name=\"twitter:card\" content=\"summary_large_image\" \/>\n<meta name=\"twitter:creator\" content=\"@tcicutting\" \/>\n<meta name=\"twitter:site\" content=\"@tcicutting\" \/>\n<meta name=\"twitter:label1\" content=\"Escrito por\" \/>\n\t<meta name=\"twitter:data1\" content=\"TCICutting\" \/>\n\t<meta name=\"twitter:label2\" content=\"Tiempo de lectura\" \/>\n\t<meta name=\"twitter:data2\" content=\"2 minutos\" \/>\n<script type=\"application\/ld+json\" class=\"yoast-schema-graph\">{\"@context\":\"https:\/\/schema.org\",\"@graph\":[{\"@type\":\"Article\",\"@id\":\"https:\/\/www.tcicutting.com\/es\/noticias\/nueva-flota-de-vehiculos-en-suiza-para-distribuir-y-dar-asistencia-tecnica-a-sus-maquinas-de-corte-laser\/#article\",\"isPartOf\":{\"@id\":\"https:\/\/www.tcicutting.com\/es\/noticias\/nueva-flota-de-vehiculos-en-suiza-para-distribuir-y-dar-asistencia-tecnica-a-sus-maquinas-de-corte-laser\/\"},\"author\":{\"name\":\"TCICutting\",\"@id\":\"https:\/\/www.tcicutting.com\/es\/#\/schema\/person\/797d0dda81f2d7f2b86aa929c92e9946\"},\"headline\":\"Nueva flota de veh\u00edculos en suiza para distribuir y dar asistencia t\u00e9cnica a sus m\u00e1quinas de corte l\u00e1ser\",\"datePublished\":\"2017-06-29T16:49:46+00:00\",\"dateModified\":\"2024-05-31T09:50:57+00:00\",\"mainEntityOfPage\":{\"@id\":\"https:\/\/www.tcicutting.com\/es\/noticias\/nueva-flota-de-vehiculos-en-suiza-para-distribuir-y-dar-asistencia-tecnica-a-sus-maquinas-de-corte-laser\/\"},\"wordCount\":388,\"publisher\":{\"@id\":\"https:\/\/www.tcicutting.com\/es\/#organization\"},\"image\":{\"@id\":\"https:\/\/www.tcicutting.com\/es\/noticias\/nueva-flota-de-vehiculos-en-suiza-para-distribuir-y-dar-asistencia-tecnica-a-sus-maquinas-de-corte-laser\/#primaryimage\"},\"thumbnailUrl\":\"https:\/\/www.tcicutting.com\/es\/wp-content\/uploads\/sites\/2\/2024\/01\/flota_vehiculos_interior_opt-3.jpg\",\"keywords\":[\"m\u00e1quina corte l\u00e1ser\",\"m\u00e1quina laser fibra\"],\"articleSection\":[\"Noticias\"],\"inLanguage\":\"es\"},{\"@type\":\"WebPage\",\"@id\":\"https:\/\/www.tcicutting.com\/es\/noticias\/nueva-flota-de-vehiculos-en-suiza-para-distribuir-y-dar-asistencia-tecnica-a-sus-maquinas-de-corte-laser\/\",\"url\":\"https:\/\/www.tcicutting.com\/es\/noticias\/nueva-flota-de-vehiculos-en-suiza-para-distribuir-y-dar-asistencia-tecnica-a-sus-maquinas-de-corte-laser\/\",\"name\":\"Nueva flota de veh\u00edculos en suiza para distribuir y dar asistencia t\u00e9cnica a sus m\u00e1quinas de corte l\u00e1ser\",\"isPartOf\":{\"@id\":\"https:\/\/www.tcicutting.com\/es\/#website\"},\"primaryImageOfPage\":{\"@id\":\"https:\/\/www.tcicutting.com\/es\/noticias\/nueva-flota-de-vehiculos-en-suiza-para-distribuir-y-dar-asistencia-tecnica-a-sus-maquinas-de-corte-laser\/#primaryimage\"},\"image\":{\"@id\":\"https:\/\/www.tcicutting.com\/es\/noticias\/nueva-flota-de-vehiculos-en-suiza-para-distribuir-y-dar-asistencia-tecnica-a-sus-maquinas-de-corte-laser\/#primaryimage\"},\"thumbnailUrl\":\"https:\/\/www.tcicutting.com\/es\/wp-content\/uploads\/sites\/2\/2024\/01\/flota_vehiculos_interior_opt-3.jpg\",\"datePublished\":\"2017-06-29T16:49:46+00:00\",\"dateModified\":\"2024-05-31T09:50:57+00:00\",\"description\":\"Descubre en Nueva flota de veh\u00edculos en suiza para distribuir y dar asistencia t\u00e9cnica a sus m\u00e1quinas de corte l\u00e1ser las innovaciones en corte industrial: precisi\u00f3n, tecnolog\u00eda avanzada y eficiencia.\",\"breadcrumb\":{\"@id\":\"https:\/\/www.tcicutting.com\/es\/noticias\/nueva-flota-de-vehiculos-en-suiza-para-distribuir-y-dar-asistencia-tecnica-a-sus-maquinas-de-corte-laser\/#breadcrumb\"},\"inLanguage\":\"es\",\"potentialAction\":[{\"@type\":\"ReadAction\",\"target\":[\"https:\/\/www.tcicutting.com\/es\/noticias\/nueva-flota-de-vehiculos-en-suiza-para-distribuir-y-dar-asistencia-tecnica-a-sus-maquinas-de-corte-laser\/\"]}]},{\"@type\":\"ImageObject\",\"inLanguage\":\"es\",\"@id\":\"https:\/\/www.tcicutting.com\/es\/noticias\/nueva-flota-de-vehiculos-en-suiza-para-distribuir-y-dar-asistencia-tecnica-a-sus-maquinas-de-corte-laser\/#primaryimage\",\"url\":\"https:\/\/www.tcicutting.com\/es\/wp-content\/uploads\/sites\/2\/2024\/01\/flota_vehiculos_interior_opt-3.jpg\",\"contentUrl\":\"https:\/\/www.tcicutting.com\/es\/wp-content\/uploads\/sites\/2\/2024\/01\/flota_vehiculos_interior_opt-3.jpg\",\"width\":1200,\"height\":750},{\"@type\":\"BreadcrumbList\",\"@id\":\"https:\/\/www.tcicutting.com\/es\/noticias\/nueva-flota-de-vehiculos-en-suiza-para-distribuir-y-dar-asistencia-tecnica-a-sus-maquinas-de-corte-laser\/#breadcrumb\",\"itemListElement\":[{\"@type\":\"ListItem\",\"position\":1,\"name\":\"Home\",\"item\":\"https:\/\/www.tcicutting.com\/es\/\"},{\"@type\":\"ListItem\",\"position\":2,\"name\":\"Nueva flota de veh\u00edculos en suiza para distribuir y dar asistencia t\u00e9cnica a sus m\u00e1quinas de corte l\u00e1ser\"}]},{\"@type\":\"WebSite\",\"@id\":\"https:\/\/www.tcicutting.com\/es\/#website\",\"url\":\"https:\/\/www.tcicutting.com\/es\/\",\"name\":\"TCI Cutting\",\"description\":\"\",\"publisher\":{\"@id\":\"https:\/\/www.tcicutting.com\/es\/#organization\"},\"potentialAction\":[{\"@type\":\"SearchAction\",\"target\":{\"@type\":\"EntryPoint\",\"urlTemplate\":\"https:\/\/www.tcicutting.com\/es\/?s={search_term_string}\"},\"query-input\":{\"@type\":\"PropertyValueSpecification\",\"valueRequired\":true,\"valueName\":\"search_term_string\"}}],\"inLanguage\":\"es\"},{\"@type\":\"Organization\",\"@id\":\"https:\/\/www.tcicutting.com\/es\/#organization\",\"name\":\"TCI Cutting\",\"url\":\"https:\/\/www.tcicutting.com\/es\/\",\"logo\":{\"@type\":\"ImageObject\",\"inLanguage\":\"es\",\"@id\":\"https:\/\/www.tcicutting.com\/es\/#\/schema\/logo\/image\/\",\"url\":\"https:\/\/www.tcicutting.com\/es\/wp-content\/uploads\/sites\/2\/2024\/05\/U-LOGO-2.png\",\"contentUrl\":\"https:\/\/www.tcicutting.com\/es\/wp-content\/uploads\/sites\/2\/2024\/05\/U-LOGO-2.png\",\"width\":695,\"height\":695,\"caption\":\"TCI Cutting\"},\"image\":{\"@id\":\"https:\/\/www.tcicutting.com\/es\/#\/schema\/logo\/image\/\"},\"sameAs\":[\"https:\/\/www.facebook.com\/TCICutting\/\",\"https:\/\/x.com\/tcicutting\",\"https:\/\/www.instagram.com\/tcicutting\/\",\"https:\/\/www.linkedin.com\/company\/tci-cutting-waterjet&laser-system\/\"]},{\"@type\":\"Person\",\"@id\":\"https:\/\/www.tcicutting.com\/es\/#\/schema\/person\/797d0dda81f2d7f2b86aa929c92e9946\",\"name\":\"TCICutting\",\"sameAs\":[\"https:\/\/nueva2023.tcicutting.com\"]}]}<\/script>\n<!-- \/ Yoast SEO plugin. -->","yoast_head_json":{"title":"Nueva flota de veh\u00edculos en suiza para distribuir y dar asistencia t\u00e9cnica a sus m\u00e1quinas de corte l\u00e1ser","description":"Descubre en Nueva flota de veh\u00edculos en suiza para distribuir y dar asistencia t\u00e9cnica a sus m\u00e1quinas de corte l\u00e1ser las innovaciones en corte industrial: precisi\u00f3n, tecnolog\u00eda avanzada y eficiencia.","robots":{"index":"index","follow":"follow","max-snippet":"max-snippet:-1","max-image-preview":"max-image-preview:large","max-video-preview":"max-video-preview:-1"},"canonical":"https:\/\/www.tcicutting.com\/es\/noticias\/nueva-flota-de-vehiculos-en-suiza-para-distribuir-y-dar-asistencia-tecnica-a-sus-maquinas-de-corte-laser\/","og_locale":"es_ES","og_type":"article","og_title":"Nueva flota de veh\u00edculos en suiza para distribuir y dar asistencia t\u00e9cnica a sus m\u00e1quinas de corte l\u00e1ser","og_description":"Descubre en Nueva flota de veh\u00edculos en suiza para distribuir y dar asistencia t\u00e9cnica a sus m\u00e1quinas de corte l\u00e1ser las innovaciones en corte industrial: precisi\u00f3n, tecnolog\u00eda avanzada y eficiencia.","og_url":"https:\/\/www.tcicutting.com\/es\/noticias\/nueva-flota-de-vehiculos-en-suiza-para-distribuir-y-dar-asistencia-tecnica-a-sus-maquinas-de-corte-laser\/","og_site_name":"TCI Cutting ES","article_publisher":"https:\/\/www.facebook.com\/TCICutting\/","article_published_time":"2017-06-29T16:49:46+00:00","article_modified_time":"2024-05-31T09:50:57+00:00","og_image":[{"width":1200,"height":750,"url":"https:\/\/www.tcicutting.com\/es\/wp-content\/uploads\/sites\/2\/2024\/01\/flota_vehiculos_interior_opt-3.jpg","type":"image\/jpeg"}],"author":"TCICutting","twitter_card":"summary_large_image","twitter_creator":"@tcicutting","twitter_site":"@tcicutting","twitter_misc":{"Escrito por":"TCICutting","Tiempo de lectura":"2 minutos"},"schema":{"@context":"https:\/\/schema.org","@graph":[{"@type":"Article","@id":"https:\/\/www.tcicutting.com\/es\/noticias\/nueva-flota-de-vehiculos-en-suiza-para-distribuir-y-dar-asistencia-tecnica-a-sus-maquinas-de-corte-laser\/#article","isPartOf":{"@id":"https:\/\/www.tcicutting.com\/es\/noticias\/nueva-flota-de-vehiculos-en-suiza-para-distribuir-y-dar-asistencia-tecnica-a-sus-maquinas-de-corte-laser\/"},"author":{"name":"TCICutting","@id":"https:\/\/www.tcicutting.com\/es\/#\/schema\/person\/797d0dda81f2d7f2b86aa929c92e9946"},"headline":"Nueva flota de veh\u00edculos en suiza para distribuir y dar asistencia t\u00e9cnica a sus m\u00e1quinas de corte l\u00e1ser","datePublished":"2017-06-29T16:49:46+00:00","dateModified":"2024-05-31T09:50:57+00:00","mainEntityOfPage":{"@id":"https:\/\/www.tcicutting.com\/es\/noticias\/nueva-flota-de-vehiculos-en-suiza-para-distribuir-y-dar-asistencia-tecnica-a-sus-maquinas-de-corte-laser\/"},"wordCount":388,"publisher":{"@id":"https:\/\/www.tcicutting.com\/es\/#organization"},"image":{"@id":"https:\/\/www.tcicutting.com\/es\/noticias\/nueva-flota-de-vehiculos-en-suiza-para-distribuir-y-dar-asistencia-tecnica-a-sus-maquinas-de-corte-laser\/#primaryimage"},"thumbnailUrl":"https:\/\/www.tcicutting.com\/es\/wp-content\/uploads\/sites\/2\/2024\/01\/flota_vehiculos_interior_opt-3.jpg","keywords":["m\u00e1quina corte l\u00e1ser","m\u00e1quina laser fibra"],"articleSection":["Noticias"],"inLanguage":"es"},{"@type":"WebPage","@id":"https:\/\/www.tcicutting.com\/es\/noticias\/nueva-flota-de-vehiculos-en-suiza-para-distribuir-y-dar-asistencia-tecnica-a-sus-maquinas-de-corte-laser\/","url":"https:\/\/www.tcicutting.com\/es\/noticias\/nueva-flota-de-vehiculos-en-suiza-para-distribuir-y-dar-asistencia-tecnica-a-sus-maquinas-de-corte-laser\/","name":"Nueva flota de veh\u00edculos en suiza para distribuir y dar asistencia t\u00e9cnica a sus m\u00e1quinas de corte l\u00e1ser","isPartOf":{"@id":"https:\/\/www.tcicutting.com\/es\/#website"},"primaryImageOfPage":{"@id":"https:\/\/www.tcicutting.com\/es\/noticias\/nueva-flota-de-vehiculos-en-suiza-para-distribuir-y-dar-asistencia-tecnica-a-sus-maquinas-de-corte-laser\/#primaryimage"},"image":{"@id":"https:\/\/www.tcicutting.com\/es\/noticias\/nueva-flota-de-vehiculos-en-suiza-para-distribuir-y-dar-asistencia-tecnica-a-sus-maquinas-de-corte-laser\/#primaryimage"},"thumbnailUrl":"https:\/\/www.tcicutting.com\/es\/wp-content\/uploads\/sites\/2\/2024\/01\/flota_vehiculos_interior_opt-3.jpg","datePublished":"2017-06-29T16:49:46+00:00","dateModified":"2024-05-31T09:50:57+00:00","description":"Descubre en Nueva flota de veh\u00edculos en suiza para distribuir y dar asistencia t\u00e9cnica a sus m\u00e1quinas de corte l\u00e1ser las innovaciones en corte industrial: precisi\u00f3n, tecnolog\u00eda avanzada y eficiencia.","breadcrumb":{"@id":"https:\/\/www.tcicutting.com\/es\/noticias\/nueva-flota-de-vehiculos-en-suiza-para-distribuir-y-dar-asistencia-tecnica-a-sus-maquinas-de-corte-laser\/#breadcrumb"},"inLanguage":"es","potentialAction":[{"@type":"ReadAction","target":["https:\/\/www.tcicutting.com\/es\/noticias\/nueva-flota-de-vehiculos-en-suiza-para-distribuir-y-dar-asistencia-tecnica-a-sus-maquinas-de-corte-laser\/"]}]},{"@type":"ImageObject","inLanguage":"es","@id":"https:\/\/www.tcicutting.com\/es\/noticias\/nueva-flota-de-vehiculos-en-suiza-para-distribuir-y-dar-asistencia-tecnica-a-sus-maquinas-de-corte-laser\/#primaryimage","url":"https:\/\/www.tcicutting.com\/es\/wp-content\/uploads\/sites\/2\/2024\/01\/flota_vehiculos_interior_opt-3.jpg","contentUrl":"https:\/\/www.tcicutting.com\/es\/wp-content\/uploads\/sites\/2\/2024\/01\/flota_vehiculos_interior_opt-3.jpg","width":1200,"height":750},{"@type":"BreadcrumbList","@id":"https:\/\/www.tcicutting.com\/es\/noticias\/nueva-flota-de-vehiculos-en-suiza-para-distribuir-y-dar-asistencia-tecnica-a-sus-maquinas-de-corte-laser\/#breadcrumb","itemListElement":[{"@type":"ListItem","position":1,"name":"Home","item":"https:\/\/www.tcicutting.com\/es\/"},{"@type":"ListItem","position":2,"name":"Nueva flota de veh\u00edculos en suiza para distribuir y dar asistencia t\u00e9cnica a sus m\u00e1quinas de corte l\u00e1ser"}]},{"@type":"WebSite","@id":"https:\/\/www.tcicutting.com\/es\/#website","url":"https:\/\/www.tcicutting.com\/es\/","name":"TCI Cutting","description":"","publisher":{"@id":"https:\/\/www.tcicutting.com\/es\/#organization"},"potentialAction":[{"@type":"SearchAction","target":{"@type":"EntryPoint","urlTemplate":"https:\/\/www.tcicutting.com\/es\/?s={search_term_string}"},"query-input":{"@type":"PropertyValueSpecification","valueRequired":true,"valueName":"search_term_string"}}],"inLanguage":"es"},{"@type":"Organization","@id":"https:\/\/www.tcicutting.com\/es\/#organization","name":"TCI Cutting","url":"https:\/\/www.tcicutting.com\/es\/","logo":{"@type":"ImageObject","inLanguage":"es","@id":"https:\/\/www.tcicutting.com\/es\/#\/schema\/logo\/image\/","url":"https:\/\/www.tcicutting.com\/es\/wp-content\/uploads\/sites\/2\/2024\/05\/U-LOGO-2.png","contentUrl":"https:\/\/www.tcicutting.com\/es\/wp-content\/uploads\/sites\/2\/2024\/05\/U-LOGO-2.png","width":695,"height":695,"caption":"TCI Cutting"},"image":{"@id":"https:\/\/www.tcicutting.com\/es\/#\/schema\/logo\/image\/"},"sameAs":["https:\/\/www.facebook.com\/TCICutting\/","https:\/\/x.com\/tcicutting","https:\/\/www.instagram.com\/tcicutting\/","https:\/\/www.linkedin.com\/company\/tci-cutting-waterjet&laser-system\/"]},{"@type":"Person","@id":"https:\/\/www.tcicutting.com\/es\/#\/schema\/person\/797d0dda81f2d7f2b86aa929c92e9946","name":"TCICutting","sameAs":["https:\/\/nueva2023.tcicutting.com"]}]}},"_links":{"self":[{"href":"https:\/\/www.tcicutting.com\/es\/wp-json\/wp\/v2\/posts\/5008","targetHints":{"allow":["GET"]}}],"collection":[{"href":"https:\/\/www.tcicutting.com\/es\/wp-json\/wp\/v2\/posts"}],"about":[{"href":"https:\/\/www.tcicutting.com\/es\/wp-json\/wp\/v2\/types\/post"}],"author":[{"embeddable":true,"href":"https:\/\/www.tcicutting.com\/es\/wp-json\/wp\/v2\/users\/1"}],"replies":[{"embeddable":true,"href":"https:\/\/www.tcicutting.com\/es\/wp-json\/wp\/v2\/comments?post=5008"}],"version-history":[{"count":3,"href":"https:\/\/www.tcicutting.com\/es\/wp-json\/wp\/v2\/posts\/5008\/revisions"}],"predecessor-version":[{"id":5844,"href":"https:\/\/www.tcicutting.com\/es\/wp-json\/wp\/v2\/posts\/5008\/revisions\/5844"}],"wp:featuredmedia":[{"embeddable":true,"href":"https:\/\/www.tcicutting.com\/es\/wp-json\/wp\/v2\/media\/5845"}],"wp:attachment":[{"href":"https:\/\/www.tcicutting.com\/es\/wp-json\/wp\/v2\/media?parent=5008"}],"wp:term":[{"taxonomy":"category","embeddable":true,"href":"https:\/\/www.tcicutting.com\/es\/wp-json\/wp\/v2\/categories?post=5008"},{"taxonomy":"post_tag","embeddable":true,"href":"https:\/\/www.tcicutting.com\/es\/wp-json\/wp\/v2\/tags?post=5008"}],"curies":[{"name":"wp","href":"https:\/\/api.w.org\/{rel}","templated":true}]}}